{"id":41,"date":"2020-09-07T08:23:38","date_gmt":"2020-09-07T06:23:38","guid":{"rendered":"https:\/\/www.sirius-artcollection.ch\/news\/?p=41"},"modified":"2021-02-15T19:31:44","modified_gmt":"2021-02-15T18:31:44","slug":"herbstzeit-kerzenzeit","status":"publish","type":"post","link":"https:\/\/www.sirius-artcollection.ch\/news\/herbstzeit-kerzenzeit\/","title":{"rendered":"Herbstzeit-Kerzenzeit"},"content":{"rendered":"\n<h2>bei Sirius-Artcollection<\/h2>\n\n\n\n<p class=\"has-text-align-center\"><img loading=\"lazy\" width=\"2560\" height=\"1920\" class=\"wp-image-42\" style=\"width: 150px; height: auto;\" alt=\"Showroom\" src=\"https:\/\/www.sirius-artcollection.ch\/news\/wp-content\/uploads\/2020\/09\/Showroom_9-scaled.jpg\" srcset=\"https:\/\/www.sirius-artcollection.ch\/news\/wp-content\/uploads\/2020\/09\/Showroom_9-scaled.jpg 2560w, https:\/\/www.sirius-artcollection.ch\/news\/wp-content\/uploads\/2020\/09\/Showroom_9-300x225.jpg 300w, https:\/\/www.sirius-artcollection.ch\/news\/wp-content\/uploads\/2020\/09\/Showroom_9-1024x768.jpg 1024w, https:\/\/www.sirius-artcollection.ch\/news\/wp-content\/uploads\/2020\/09\/Showroom_9-768x576.jpg 768w, https:\/\/www.sirius-artcollection.ch\/news\/wp-content\/uploads\/2020\/09\/Showroom_9-1536x1152.jpg 1536w, https:\/\/www.sirius-artcollection.ch\/news\/wp-content\/uploads\/2020\/09\/Showroom_9-2048x1536.jpg 2048w\" sizes=\"(max-width: 2560px) 100vw, 2560px\" \/><\/p>\n\n\n\n<p>Besuchen Sie uns jetzt in unserem Showroom. Hier k\u00f6nnen Sie in aller Ruhe vor Ort st\u00f6bern und die ausgew\u00e4hlten St\u00fccke direkt kaufen und mitnehmen. Wir freuen uns \u00fcber jeden Besuch.<\/p>\n\n\n\n<p>Wir bieten Ihnen in entspannter Atmosph\u00e4re und bei einer feinen Tasse Kaffee Termine auch <strong>nach Feierabend bis 20:00 Uhr an<\/strong>. Selbstverst\u00e4ndlich halten wir uns an die Covid-19 Massnahmen und Regeln des BAG.<\/p>\n\n\n\n<p class=\"has-text-align-center\"><strong>Termine im Showroom nur auf Voranmeldung!&nbsp;<\/strong><\/p>\n\n\n\n<p class=\"has-text-align-center\">Showroom: Sirius-Artcolletion \u2013 Winkelstrasse 2 \u2013 5304 Endingen<\/p>\n","protected":false},"excerpt":{"rendered":"<p>bei Sirius-Artcollection Besuchen Sie uns jetzt in unserem Showroom. Hier k\u00f6nnen Sie in aller Ruhe vor Ort st\u00f6bern und die ausgew\u00e4hlten St\u00fccke direkt kaufen und mitnehmen. Wir freuen uns \u00fcber jeden Besuch. Wir bieten Ihnen in entspannter Atmosph\u00e4re und bei einer feinen Tasse Kaffee Termine auch nach Feierabend bis 20:00 Uhr an. Selbstverst\u00e4ndlich halten wir &hellip; <a href=\"https:\/\/www.sirius-artcollection.ch\/news\/herbstzeit-kerzenzeit\/\">Continued<\/a><\/p>\n","protected":false},"author":1,"featured_media":0,"comment_status":"closed","ping_status":"open","sticky":false,"template":"","format":"standard","meta":[],"categories":[2],"tags":[7,8,6,4,10,9,11],"_links":{"self":[{"href":"https:\/\/www.sirius-artcollection.ch\/news\/wp-json\/wp\/v2\/posts\/41"}],"collection":[{"href":"https:\/\/www.sirius-artcollection.ch\/news\/wp-json\/wp\/v2\/posts"}],"about":[{"href":"https:\/\/www.sirius-artcollection.ch\/news\/wp-json\/wp\/v2\/types\/post"}],"author":[{"embeddable":true,"href":"https:\/\/www.sirius-artcollection.ch\/news\/wp-json\/wp\/v2\/users\/1"}],"replies":[{"embeddable":true,"href":"https:\/\/www.sirius-artcollection.ch\/news\/wp-json\/wp\/v2\/comments?post=41"}],"version-history":[{"count":4,"href":"https:\/\/www.sirius-artcollection.ch\/news\/wp-json\/wp\/v2\/posts\/41\/revisions"}],"predecessor-version":[{"id":74,"href":"https:\/\/www.sirius-artcollection.ch\/news\/wp-json\/wp\/v2\/posts\/41\/revisions\/74"}],"wp:attachment":[{"href":"https:\/\/www.sirius-artcollection.ch\/news\/wp-json\/wp\/v2\/media?parent=41"}],"wp:term":[{"taxonomy":"category","embeddable":true,"href":"https:\/\/www.sirius-artcollection.ch\/news\/wp-json\/wp\/v2\/categories?post=41"},{"taxonomy":"post_tag","embeddable":true,"href":"https:\/\/www.sirius-artcollection.ch\/news\/wp-json\/wp\/v2\/tags?post=41"}],"curies":[{"name":"wp","href":"https:\/\/api.w.org\/{rel}","templated":true}]}}